{"id":834,"date":"2022-07-20T17:44:43","date_gmt":"2022-07-20T17:44:43","guid":{"rendered":"https:\/\/www.tribunatermal.com\/blog\/?p=834"},"modified":"2022-07-20T17:44:43","modified_gmt":"2022-07-20T17:44:43","slug":"ourense-acogera-en-septiembre-el-tercer-congreso-internacional-de-turismo-termal%ef%bf%bc","status":"publish","type":"post","link":"https:\/\/www.tribunatermal.com\/blog\/2022\/07\/20\/ourense-acogera-en-septiembre-el-tercer-congreso-internacional-de-turismo-termal%ef%bf%bc\/","title":{"rendered":"Ourense acoger\u00e1 en septiembre el Tercer Congreso Internacional de Turismo Termal\ufffc"},"content":{"rendered":"\n<figure class=\"wp-block-image size-large\"><img data-recalc-dims=\"1\" loading=\"lazy\" decoding=\"async\" width=\"474\" height=\"188\" src=\"https:\/\/i0.wp.com\/www.tribunatermal.com\/blog\/wp-content\/uploads\/2022\/07\/Outariz-3.jpg?resize=474%2C188&#038;ssl=1\" alt=\"\" class=\"wp-image-835\" srcset=\"https:\/\/i0.wp.com\/www.tribunatermal.com\/blog\/wp-content\/uploads\/2022\/07\/Outariz-3.jpg?resize=1024%2C407&amp;ssl=1 1024w, https:\/\/i0.wp.com\/www.tribunatermal.com\/blog\/wp-content\/uploads\/2022\/07\/Outariz-3.jpg?resize=300%2C119&amp;ssl=1 300w, https:\/\/i0.wp.com\/www.tribunatermal.com\/blog\/wp-content\/uploads\/2022\/07\/Outariz-3.jpg?resize=768%2C305&amp;ssl=1 768w, https:\/\/i0.wp.com\/www.tribunatermal.com\/blog\/wp-content\/uploads\/2022\/07\/Outariz-3.jpg?resize=1536%2C611&amp;ssl=1 1536w, https:\/\/i0.wp.com\/www.tribunatermal.com\/blog\/wp-content\/uploads\/2022\/07\/Outariz-3.jpg?w=1901&amp;ssl=1 1901w, https:\/\/i0.wp.com\/www.tribunatermal.com\/blog\/wp-content\/uploads\/2022\/07\/Outariz-3.jpg?w=948&amp;ssl=1 948w, https:\/\/i0.wp.com\/www.tribunatermal.com\/blog\/wp-content\/uploads\/2022\/07\/Outariz-3.jpg?w=1422&amp;ssl=1 1422w\" sizes=\"auto, (max-width: 474px) 100vw, 474px\" \/><\/figure>\n\n\n\n<p>Las Asociaci\u00f3n Europea de Ciudades Hist\u00f3ricas Termales (EHTTA, por sus siglas en ingl\u00e9s) ha sido seleccionada para formar parte del Programa de Trabajo de 2022 de los Miembros Afiliados de la Organizaci\u00f3n Mundial del Turismo (OMT), con la celebraci\u00f3n de la tercera edici\u00f3n del Congreso Internacional de Turismo Termal que tendr\u00e1 lugar en la ciudad de Ourense los d\u00edas 28 y 29 de septiembre.<\/p>\n\n\n\n<!--more-->\n\n\n\n<p>Este evento tiene como precedentes dos ediciones previas organizadas tambi\u00e9n en Galicia. La primera, con sede en Mondariz en 1999, fue fruto de la colaboraci\u00f3n de la OMT, Turespa\u00f1a y la Xunta de Galicia. Unos a\u00f1os despu\u00e9s, en 2011, Ourense acogi\u00f3 la segunda edici\u00f3n, que cont\u00f3 con los mismos socios, a los que se sumaron el Ayuntamiento de Ourense y la Diputaci\u00f3n de Ourense.<\/p>\n\n\n\n<p>La tercera edici\u00f3n tiene como subt\u00edtulo <em>\u201cSustainable Thermal Destinations for the future\u201d<\/em> y pondr\u00e1 el foco en reflexionar sobre c\u00f3mo el turismo termal puede contribuir a alcanzar los Objetivos de Desarrollo Sostenible tras la Covid-19. Para abordar este objetivo, el congreso se compone de 3 paneles tem\u00e1ticos, y de una serie de actividades complementarias.<\/p>\n\n\n\n<p>El PANEL PATRIMONIO analizar\u00e1 la contribuci\u00f3n del Turismo Termal a la salvaguarda del patrimonio termal (natural, cultural e intangible) y a la dinamizaci\u00f3n socioecon\u00f3mica, constituyendo un poderoso instrumento para el desarrollo sostenible y un modelo para otros sectores o productos tur\u00edsticos.<\/p>\n\n\n\n<p>El PANEL TURISMO abordar\u00e1 el caso de los destinos termales como municipios en los que todos sus atributos se ponen al servicio de la salud, el bienestar, el aprendizaje y la socializaci\u00f3n, haciendo hincapi\u00e9 en la cooperaci\u00f3n como estrategia clave para crear un producto tur\u00edstico sostenible, innovador y competitivo.<\/p>\n\n\n\n<p>El PANEL EXPERIENCIAS estudiar\u00e1 el Turismo Termal como uno de los subsectores tur\u00edsticos para los que se espera un mayor crecimiento tras el fin de la pandemia, incidiendo en la necesidad de crear conexiones con otros recursos para ofrecer nuevas y mejores experiencias termales sostenibles.<\/p>\n\n\n\n<figure class=\"wp-block-image size-large\"><img data-recalc-dims=\"1\" loading=\"lazy\" decoding=\"async\" width=\"474\" height=\"338\" src=\"https:\/\/i0.wp.com\/www.tribunatermal.com\/blog\/wp-content\/uploads\/2022\/07\/Congreso-1999mondariz.jpg?resize=474%2C338&#038;ssl=1\" alt=\"\" class=\"wp-image-837\" srcset=\"https:\/\/i0.wp.com\/www.tribunatermal.com\/blog\/wp-content\/uploads\/2022\/07\/Congreso-1999mondariz.jpg?resize=1024%2C731&amp;ssl=1 1024w, https:\/\/i0.wp.com\/www.tribunatermal.com\/blog\/wp-content\/uploads\/2022\/07\/Congreso-1999mondariz.jpg?resize=300%2C214&amp;ssl=1 300w, https:\/\/i0.wp.com\/www.tribunatermal.com\/blog\/wp-content\/uploads\/2022\/07\/Congreso-1999mondariz.jpg?resize=768%2C548&amp;ssl=1 768w, https:\/\/i0.wp.com\/www.tribunatermal.com\/blog\/wp-content\/uploads\/2022\/07\/Congreso-1999mondariz.jpg?resize=1536%2C1097&amp;ssl=1 1536w, https:\/\/i0.wp.com\/www.tribunatermal.com\/blog\/wp-content\/uploads\/2022\/07\/Congreso-1999mondariz.jpg?w=1675&amp;ssl=1 1675w, https:\/\/i0.wp.com\/www.tribunatermal.com\/blog\/wp-content\/uploads\/2022\/07\/Congreso-1999mondariz.jpg?w=948&amp;ssl=1 948w, https:\/\/i0.wp.com\/www.tribunatermal.com\/blog\/wp-content\/uploads\/2022\/07\/Congreso-1999mondariz.jpg?w=1422&amp;ssl=1 1422w\" sizes=\"auto, (max-width: 474px) 100vw, 474px\" \/><\/figure>\n\n\n\n<p>Junto a estos tres paneles, se organizar\u00e1n presentaciones en distintos formatos, talleres con expertos\/as para recibir asesoramiento sobre proyectos espec\u00edficos (previa inscripci\u00f3n) y visitas a instalaciones termales. Asimismo, los asistentes tendr\u00e1n la posibilidad de alargar su estancia y recorrer la Provincia Termal hasta llegar a Santiago de Compostela en pleno A\u00f1o Xacobeo 2021-2022, a trav\u00e9s de una de las dos modalidades de peregrinaci\u00f3n termal que se ofrecen, con distinta duraci\u00f3n y programa.<\/p>\n\n\n\n<p>Precediendo a la inauguraci\u00f3n del congreso, el 27 de septiembre, D\u00eda Mundial del Turismo, se prev\u00e9 un acto conmemorativo en As Burgas que convertir\u00e1 a Ourense en el foco mundial del Turismo Termal y que ser\u00e1 la antesala de la tercera edici\u00f3n del Congreso Internacional de Turismo Termal y de la Feria Internacional de Turismo Termal Salud y Bienestar Termatalia 2022, que celebra su 20\u00aa edici\u00f3n los d\u00edas 29 y 30 de septiembre.<\/p>\n\n\n\n<p>Este excepcional programa de actividades se ve reforzado por el privilegiado contexto que rodea a Ourense en este 2022 y que han llevado a EHTTA a proponer a esta ciudad como sede para el congreso:<\/p>\n\n\n\n<ul class=\"wp-block-list\"><li>Desde 2022 el tren de alta velocidad AVE conecta Ourense con Madrid y, por tanto, la provincia termal de Espa\u00f1a se encuentra a tan solo 2 horas y 15 minutos de la capital del pa\u00eds. Ourense es el escenario perfecto para reflexionar sobre la relaci\u00f3n entre el ferrocarril y el turismo termal, tanto en el pasado como en el futuro, buscando potenciar la movilidad sostenible en el sector tur\u00edstico.<\/li><li>El A\u00f1o Santo Jacobeo 2021 se ampli\u00f3 para incluir el 2022, debido a los efectos de la pandemia mundial y la interrupci\u00f3n de la peregrinaci\u00f3n a Santiago de Compostela. La provincia de Ourense, atravesada por dos de los caminos oficiales de peregrinaci\u00f3n a Compostela, es el lugar id\u00f3neo para estudiar nuevos productos de turismo termal sostenible y, en especial, aquellos que conectan la Ruta Europea de las Ciudades Termales Hist\u00f3ricas con otros Itinerarios Culturales del Consejo de Europa.<\/li><li>En 2022 se cumplen 200 a\u00f1os de la fundaci\u00f3n de la Provincia de Ourense, gobernada desde 1822 por la Diputaci\u00f3n de Ourense, que mantiene una fuerte apuesta por el termalismo como herramienta para el desarrollo sostenible.<\/li><\/ul>\n\n\n\n<figure class=\"wp-block-image size-large\"><img data-recalc-dims=\"1\" loading=\"lazy\" decoding=\"async\" width=\"474\" height=\"316\" src=\"https:\/\/i0.wp.com\/www.tribunatermal.com\/blog\/wp-content\/uploads\/2022\/07\/Congreso-2011ourense.jpg?resize=474%2C316&#038;ssl=1\" alt=\"\" class=\"wp-image-836\" srcset=\"https:\/\/i0.wp.com\/www.tribunatermal.com\/blog\/wp-content\/uploads\/2022\/07\/Congreso-2011ourense.jpg?resize=1024%2C682&amp;ssl=1 1024w, https:\/\/i0.wp.com\/www.tribunatermal.com\/blog\/wp-content\/uploads\/2022\/07\/Congreso-2011ourense.jpg?resize=300%2C200&amp;ssl=1 300w, https:\/\/i0.wp.com\/www.tribunatermal.com\/blog\/wp-content\/uploads\/2022\/07\/Congreso-2011ourense.jpg?resize=768%2C512&amp;ssl=1 768w, https:\/\/i0.wp.com\/www.tribunatermal.com\/blog\/wp-content\/uploads\/2022\/07\/Congreso-2011ourense.jpg?resize=1536%2C1024&amp;ssl=1 1536w, https:\/\/i0.wp.com\/www.tribunatermal.com\/blog\/wp-content\/uploads\/2022\/07\/Congreso-2011ourense.jpg?w=1772&amp;ssl=1 1772w, https:\/\/i0.wp.com\/www.tribunatermal.com\/blog\/wp-content\/uploads\/2022\/07\/Congreso-2011ourense.jpg?w=948&amp;ssl=1 948w, https:\/\/i0.wp.com\/www.tribunatermal.com\/blog\/wp-content\/uploads\/2022\/07\/Congreso-2011ourense.jpg?w=1422&amp;ssl=1 1422w\" sizes=\"auto, (max-width: 474px) 100vw, 474px\" \/><figcaption>alberto nunez feijoo preside o acto inaugural do congreso Internacional de turismo termal\nfoto: ana varela<\/figcaption><\/figure>\n\n\n\n<p>Adem\u00e1s de EHTTA y la OMT, son varias las organizaciones que se han sumado ya a la lista de socios del congreso, destacando el soporte de la Diputaci\u00f3n de Ourense y de la Xunta de Galicia. Completan el listado, que podr\u00eda continuar creciendo en las pr\u00f3ximas semanas, el Ayuntamiento de Ourense, el Instituto Ourensano de Desarrollo Econ\u00f3mico, Termatalia, el sitio del Patrimonio Mundial <em>Great Spas of Europe<\/em> y la <em>European Spas Association<\/em>.<\/p>\n\n\n\n<p>Para la coordinaci\u00f3n y desarrollo del congreso se han constituido dos comit\u00e9s, uno Institucional, presidido por Su Majestad la Reina Do\u00f1a Sof\u00eda, y uno organizativo, que se ocupa de dise\u00f1ar las l\u00edneas centrales del congreso, y que cuenta con el apoyo de una secretar\u00eda t\u00e9cnica y de un organizador profesional de congresos. La p\u00e1gina web del congreso ya ha sido lanzada (<a href=\"https:\/\/thethermalcongress.com\/\" target=\"_blank\" rel=\"noreferrer noopener\">https:\/\/thethermalcongress.com\/<\/a>) y en ella se puede consultar toda la informaci\u00f3n actualizada sobre el evento.<\/p>\n","protected":false},"excerpt":{"rendered":"<p>Las Asociaci\u00f3n Europea de Ciudades Hist\u00f3ricas Termales (EHTTA, por sus siglas en ingl\u00e9s) ha sido seleccionada para formar parte del Programa de Trabajo de 2022 de los Miembros Afiliados de la Organizaci\u00f3n Mundial del Turismo (OMT), con la celebraci\u00f3n de la tercera edici\u00f3n del Congreso Internacional de Turismo Termal que tendr\u00e1 lugar en la ciudad &hellip; <a href=\"https:\/\/www.tribunatermal.com\/blog\/2022\/07\/20\/ourense-acogera-en-septiembre-el-tercer-congreso-internacional-de-turismo-termal%ef%bf%bc\/\" class=\"more-link\">Seguir leyendo <span class=\"screen-reader-text\">Ourense acoger\u00e1 en septiembre el Tercer Congreso Internacional de Turismo Termal\ufffc<\/span> <span class=\"meta-nav\">&rarr;<\/span><\/a><\/p>\n","protected":false},"author":2,"featured_media":0,"comment_status":"open","ping_status":"open","sticky":false,"template":"","format":"standard","meta":{"_jetpack_memberships_contains_paid_content":false,"footnotes":""},"categories":[1,4],"tags":[53,54,37,32],"class_list":["post-834","post","type-post","status-publish","format-standard","hentry","category-sin-categoria","category-termalismo","tag-congreso-internacional-de-turismo-termal","tag-ehtta","tag-termalismo-y-bienestar","tag-turismo-de-salud-y-bienestar"],"jetpack_featured_media_url":"","jetpack-related-posts":[],"jetpack_sharing_enabled":true,"jetpack_likes_enabled":true,"_links":{"self":[{"href":"https:\/\/www.tribunatermal.com\/blog\/wp-json\/wp\/v2\/posts\/834","targetHints":{"allow":["GET"]}}],"collection":[{"href":"https:\/\/www.tribunatermal.com\/blog\/wp-json\/wp\/v2\/posts"}],"about":[{"href":"https:\/\/www.tribunatermal.com\/blog\/wp-json\/wp\/v2\/types\/post"}],"author":[{"embeddable":true,"href":"https:\/\/www.tribunatermal.com\/blog\/wp-json\/wp\/v2\/users\/2"}],"replies":[{"embeddable":true,"href":"https:\/\/www.tribunatermal.com\/blog\/wp-json\/wp\/v2\/comments?post=834"}],"version-history":[{"count":2,"href":"https:\/\/www.tribunatermal.com\/blog\/wp-json\/wp\/v2\/posts\/834\/revisions"}],"predecessor-version":[{"id":839,"href":"https:\/\/www.tribunatermal.com\/blog\/wp-json\/wp\/v2\/posts\/834\/revisions\/839"}],"wp:attachment":[{"href":"https:\/\/www.tribunatermal.com\/blog\/wp-json\/wp\/v2\/media?parent=834"}],"wp:term":[{"taxonomy":"category","embeddable":true,"href":"https:\/\/www.tribunatermal.com\/blog\/wp-json\/wp\/v2\/categories?post=834"},{"taxonomy":"post_tag","embeddable":true,"href":"https:\/\/www.tribunatermal.com\/blog\/wp-json\/wp\/v2\/tags?post=834"}],"curies":[{"name":"wp","href":"https:\/\/api.w.org\/{rel}","templated":true}]}}