{"id":689,"date":"2021-04-16T11:42:16","date_gmt":"2021-04-16T11:42:16","guid":{"rendered":"https:\/\/www.tribunatermal.com\/blog\/?p=689"},"modified":"2021-04-16T11:44:37","modified_gmt":"2021-04-16T11:44:37","slug":"carta-de-servicios-aitb-de-termalismo-y-bienestar-a-proposito-de-la-pandemia-de-la-covid-19","status":"publish","type":"post","link":"https:\/\/www.tribunatermal.com\/blog\/2021\/04\/16\/carta-de-servicios-aitb-de-termalismo-y-bienestar-a-proposito-de-la-pandemia-de-la-covid-19\/","title":{"rendered":"Carta de Servicios AITB de Termalismo y Bienestar a prop\u00f3sito de la Pandemia de la Covid 19"},"content":{"rendered":"\n<figure class=\"wp-block-image size-large\"><img data-recalc-dims=\"1\" loading=\"lazy\" decoding=\"async\" width=\"474\" height=\"302\" src=\"https:\/\/i0.wp.com\/www.tribunatermal.com\/blog\/wp-content\/uploads\/2021\/04\/WhatsApp-Image-2021-04-06-at-19.56.15.jpeg?resize=474%2C302&#038;ssl=1\" alt=\"\" class=\"wp-image-690\" srcset=\"https:\/\/i0.wp.com\/www.tribunatermal.com\/blog\/wp-content\/uploads\/2021\/04\/WhatsApp-Image-2021-04-06-at-19.56.15.jpeg?w=1024&amp;ssl=1 1024w, https:\/\/i0.wp.com\/www.tribunatermal.com\/blog\/wp-content\/uploads\/2021\/04\/WhatsApp-Image-2021-04-06-at-19.56.15.jpeg?resize=300%2C191&amp;ssl=1 300w, https:\/\/i0.wp.com\/www.tribunatermal.com\/blog\/wp-content\/uploads\/2021\/04\/WhatsApp-Image-2021-04-06-at-19.56.15.jpeg?resize=768%2C490&amp;ssl=1 768w, https:\/\/i0.wp.com\/www.tribunatermal.com\/blog\/wp-content\/uploads\/2021\/04\/WhatsApp-Image-2021-04-06-at-19.56.15.jpeg?w=948&amp;ssl=1 948w\" sizes=\"auto, (max-width: 474px) 100vw, 474px\" \/><\/figure>\n\n\n\n<p>En el seno de la Asociaci\u00f3n Iberoamericana de Termalismo y Bienestar-AITB se constituy\u00f3 hace unas semanas un grupo de trabajo multidisciplinar con el objetivo de elaborar una propuesta de&nbsp;<strong>Carta de Servicios de Termalismo y Bienestar a prop\u00f3sito de la Pandemia de la COVID 19.&nbsp;<\/strong><\/p>\n\n\n\n<p><a href=\"http:\/\/cursos-aitb.com\/noticias\/wp-content\/uploads\/2021\/04\/Carta-de-Servicios-AITB-a-propo%CC%81sito-de-la-Pandemia-de-la-Covid-19-2.pdf\" target=\"_blank\" rel=\"noreferrer noopener\"><strong>Carta de Servicios AITB de Termalismo y Bienestar a prop\u00f3sito de la Pandemia de la Covid 19<\/strong><\/a><\/p>\n\n\n\n<p><a href=\"http:\/\/cursos-aitb.com\/noticias\/wp-content\/uploads\/2021\/04\/Recommendations-Charter-of-AITB-Services-of-Thermalism-and-Wellness-in-relation-to-the-Covid-19-Pandemic-1.pdf\" target=\"_blank\" rel=\"noreferrer noopener\"><strong>Charter of AITB Services of Thermalism and Wellness in relation to the Covid 19 Pandemic<\/strong><\/a><\/p>\n\n\n\n<!--more-->\n\n\n\n<p>Fruto del trabajo conjunto es este documento sobre <strong>Termalismo y Covid<\/strong> que trata de aportar una serie de recomendaciones para que los <strong>Balnearios y Centros de Talasoterapia<\/strong>, tanto en su calidad de centros sanitarios, como por sus singulares caracter\u00edsticas que los convierten en destinos privilegiados de <strong>Turismo de Salud y Bienestar<\/strong>, puedan implementar los servicios necesarios para atender las necesidades asistenciales y de rehabilitaci\u00f3n de una buena parte de los afectados por la pandemia.<\/p>\n\n\n\n<p>Para la elaboraci\u00f3n de esta Carta de Servicios de Termalismo y Bienestar se cont\u00f3 de antemano con el sector balneario a trav\u00e9s de una encuesta realizada por Tribuna Termal a finales del pasado a\u00f1o (<a href=\"https:\/\/www.tribunatermal.com\/blog\/2020\/12\/15\/encuesta-termalismo-y-covid-diciembre-2020\/\" target=\"_blank\" rel=\"noreferrer noopener\">https:\/\/www.tribunatermal.com\/blog\/2020\/12\/15\/encuesta-termalismo-y-covid-diciembre-2020\/<\/a>). Esta encuesta ten\u00eda como finalidad analizar la incidencia de la COVID-19 en el termalismo espa\u00f1ol y recoger sus inquietudes y propuestas de cara al futuro a corto y medio plazo.<\/p>\n","protected":false},"excerpt":{"rendered":"<p>En el seno de la Asociaci\u00f3n Iberoamericana de Termalismo y Bienestar-AITB se constituy\u00f3 hace unas semanas un grupo de trabajo multidisciplinar con el objetivo de elaborar una propuesta de&nbsp;Carta de Servicios de Termalismo y Bienestar a prop\u00f3sito de la Pandemia de la COVID 19.&nbsp; Carta de Servicios AITB de Termalismo y Bienestar a prop\u00f3sito de &hellip; <a href=\"https:\/\/www.tribunatermal.com\/blog\/2021\/04\/16\/carta-de-servicios-aitb-de-termalismo-y-bienestar-a-proposito-de-la-pandemia-de-la-covid-19\/\" class=\"more-link\">Seguir leyendo <span class=\"screen-reader-text\">Carta de Servicios AITB de Termalismo y Bienestar a prop\u00f3sito de la Pandemia de la Covid 19<\/span> <span class=\"meta-nav\">&rarr;<\/span><\/a><\/p>\n","protected":false},"author":2,"featured_media":0,"comment_status":"open","ping_status":"open","sticky":false,"template":"","format":"standard","meta":{"_jetpack_memberships_contains_paid_content":false,"footnotes":""},"categories":[4,5],"tags":[35,36,37,27,38,32],"class_list":["post-689","post","type-post","status-publish","format-standard","hentry","category-termalismo","category-wellness","tag-balneario","tag-centrro-de-talasoterapia","tag-termalismo-y-bienestar","tag-termalismo-y-covid","tag-tratamientos-post-pandemia","tag-turismo-de-salud-y-bienestar"],"jetpack_featured_media_url":"","jetpack-related-posts":[],"jetpack_sharing_enabled":true,"jetpack_likes_enabled":true,"_links":{"self":[{"href":"https:\/\/www.tribunatermal.com\/blog\/wp-json\/wp\/v2\/posts\/689","targetHints":{"allow":["GET"]}}],"collection":[{"href":"https:\/\/www.tribunatermal.com\/blog\/wp-json\/wp\/v2\/posts"}],"about":[{"href":"https:\/\/www.tribunatermal.com\/blog\/wp-json\/wp\/v2\/types\/post"}],"author":[{"embeddable":true,"href":"https:\/\/www.tribunatermal.com\/blog\/wp-json\/wp\/v2\/users\/2"}],"replies":[{"embeddable":true,"href":"https:\/\/www.tribunatermal.com\/blog\/wp-json\/wp\/v2\/comments?post=689"}],"version-history":[{"count":2,"href":"https:\/\/www.tribunatermal.com\/blog\/wp-json\/wp\/v2\/posts\/689\/revisions"}],"predecessor-version":[{"id":692,"href":"https:\/\/www.tribunatermal.com\/blog\/wp-json\/wp\/v2\/posts\/689\/revisions\/692"}],"wp:attachment":[{"href":"https:\/\/www.tribunatermal.com\/blog\/wp-json\/wp\/v2\/media?parent=689"}],"wp:term":[{"taxonomy":"category","embeddable":true,"href":"https:\/\/www.tribunatermal.com\/blog\/wp-json\/wp\/v2\/categories?post=689"},{"taxonomy":"post_tag","embeddable":true,"href":"https:\/\/www.tribunatermal.com\/blog\/wp-json\/wp\/v2\/tags?post=689"}],"curies":[{"name":"wp","href":"https:\/\/api.w.org\/{rel}","templated":true}]}}