{"id":306,"date":"2019-06-17T11:00:00","date_gmt":"2019-06-17T09:00:00","guid":{"rendered":"http:\/\/elblogdetribunatermal.com\/?p=306"},"modified":"2019-06-17T11:00:00","modified_gmt":"2019-06-17T09:00:00","slug":"i-foro-internacional-del-agua-de-mar-y-las-algas-marinas","status":"publish","type":"post","link":"https:\/\/www.tribunatermal.com\/blog\/2019\/06\/17\/i-foro-internacional-del-agua-de-mar-y-las-algas-marinas\/","title":{"rendered":"I Foro Internacional del Agua de Mar y las Algas Marinas"},"content":{"rendered":"<figure class=\"wp-block-image is-resized is-style-default\"><img data-recalc-dims=\"1\" loading=\"lazy\" decoding=\"async\" class=\"wp-image-240\" src=\"https:\/\/elblogdetribuna.files.wordpress.com\/2019\/06\/captura-de-pantalla-2019-06-05-a-las-10.02.22.png?resize=474%2C366\" alt=\"\" width=\"474\" height=\"366\" \/><\/figure>\n\n<p>Del 24 al 26 del pr\u00f3ximo mes de octubre, tendr\u00e1 lugar en el Hotel Talaso Atl\u00e1ntico (Oia, Pontevedra) el I Foro Internacional del Agua de Mar y las Algas Marinas. Bajo el t\u00edtulo: \u201cEl potencial del agua de mar. Una realidad del presente cargada de futuro\u201d, y organizado por el propio hotel junto con la Asociaci\u00f3n Iberoamericana de Peloides, la Facultad de Ciencias del Mar de la Universidad de Vigo y la Sociedad Gallega de Talasoterapia, <!--more--><\/p><p>nace como un espacio de reflexi\u00f3n y debate, abierto al mundo de la ciencia y de la empresa, concebido fundamentalmente para acercar al p\u00fablico el inmenso potencial que el agua de mar pone a disposici\u00f3n de la salud y el bienestar del ser humano.<br \/>Durante los tres d\u00edas tendr\u00e1n lugar conferencias, mesas redondas y sesiones pr\u00e1cticas sobre el universo del agua de mar y las algas, llevadas a cabo por algunos de los m\u00e1s reconocidos especialistas tanto nacionales como internacionales.<\/p>\n\n<p><em>M\u00e1s informaci\u00f3n e inscripciones: comercial@talasoatlantico.com <\/em><\/p>\n\n<p><em>Tel (+34) 986 385 090<\/em><\/p>","protected":false},"excerpt":{"rendered":"<p>Del 24 al 26 del pr\u00f3ximo mes de octubre, tendr\u00e1 lugar en el Hotel Talaso Atl\u00e1ntico (Oia, Pontevedra) el I Foro Internacional del Agua de Mar y las Algas Marinas. Bajo el t\u00edtulo: \u201cEl potencial del agua de mar. Una realidad del presente cargada de futuro\u201d, y organizado por el propio hotel junto con la &hellip; <a href=\"https:\/\/www.tribunatermal.com\/blog\/2019\/06\/17\/i-foro-internacional-del-agua-de-mar-y-las-algas-marinas\/\" class=\"more-link\">Seguir leyendo <span class=\"screen-reader-text\">I Foro Internacional del Agua de Mar y las Algas Marinas<\/span> <span class=\"meta-nav\">&rarr;<\/span><\/a><\/p>\n","protected":false},"author":2,"featured_media":0,"comment_status":"open","ping_status":"open","sticky":false,"template":"","format":"standard","meta":{"_jetpack_memberships_contains_paid_content":false,"footnotes":""},"categories":[3],"tags":[],"class_list":["post-306","post","type-post","status-publish","format-standard","hentry","category-talasoterapia"],"jetpack_featured_media_url":"","jetpack-related-posts":[],"jetpack_sharing_enabled":true,"jetpack_likes_enabled":true,"_links":{"self":[{"href":"https:\/\/www.tribunatermal.com\/blog\/wp-json\/wp\/v2\/posts\/306","targetHints":{"allow":["GET"]}}],"collection":[{"href":"https:\/\/www.tribunatermal.com\/blog\/wp-json\/wp\/v2\/posts"}],"about":[{"href":"https:\/\/www.tribunatermal.com\/blog\/wp-json\/wp\/v2\/types\/post"}],"author":[{"embeddable":true,"href":"https:\/\/www.tribunatermal.com\/blog\/wp-json\/wp\/v2\/users\/2"}],"replies":[{"embeddable":true,"href":"https:\/\/www.tribunatermal.com\/blog\/wp-json\/wp\/v2\/comments?post=306"}],"version-history":[{"count":0,"href":"https:\/\/www.tribunatermal.com\/blog\/wp-json\/wp\/v2\/posts\/306\/revisions"}],"wp:attachment":[{"href":"https:\/\/www.tribunatermal.com\/blog\/wp-json\/wp\/v2\/media?parent=306"}],"wp:term":[{"taxonomy":"category","embeddable":true,"href":"https:\/\/www.tribunatermal.com\/blog\/wp-json\/wp\/v2\/categories?post=306"},{"taxonomy":"post_tag","embeddable":true,"href":"https:\/\/www.tribunatermal.com\/blog\/wp-json\/wp\/v2\/tags?post=306"}],"curies":[{"name":"wp","href":"https:\/\/api.w.org\/{rel}","templated":true}]}}