{"id":297,"date":"2019-04-23T10:47:00","date_gmt":"2019-04-23T08:47:00","guid":{"rendered":"http:\/\/elblogdetribunatermal.com\/?p=297"},"modified":"2019-04-23T10:47:00","modified_gmt":"2019-04-23T08:47:00","slug":"grup-victoria-presenta-espai-cel","status":"publish","type":"post","link":"https:\/\/www.tribunatermal.com\/blog\/2019\/04\/23\/grup-victoria-presenta-espai-cel\/","title":{"rendered":"Grup Victoria presenta Espai CEL"},"content":{"rendered":"<figure class=\"wp-block-image is-resized is-style-default\"><img data-recalc-dims=\"1\" loading=\"lazy\" decoding=\"async\" class=\"wp-image-173\" src=\"https:\/\/elblogdetribuna.files.wordpress.com\/2019\/04\/espai-cel.jpg?resize=474%2C318\" alt=\"ESPAI CEL\" width=\"474\" height=\"318\" \/><\/figure>\n\n<p>Se trata de un nuevo centro termal \u00fanico en Catalu\u00f1a que a\u00fana arquitectura, historia y agua termal para disfrutar de experiencias \u00fanicas.<!--more--><\/p><p>Espai CEL est\u00e1 formado por siete piscinas de agua termal construidas en los antiguos dep\u00f3sitos del siglo XVIII utilizados para enfriar el agua termal ya que brota a 74 \u00baC. Se ha conservado la arquitectura original con su espectacular b\u00f3veda catalana dando lugar a un espacio exclusivo que invita al relax y la desconexi\u00f3n, donde el disfrute de las aguas mineromedicinales se puede combinar con diferentes masajes, reflexoterapia y un amplio abanico de rituales.<br \/>Est\u00e1 situado en el mismo edificio del Hotel Balneario Termes Vict\u00f2ria, en el n\u00facleo hist\u00f3rico de la villa romana de Caldes de Montbui, a 25 km de Barcelona.<br \/>Espai CEL es la nueva apuesta del Grup Victoria, grupo de empresas dedicadas a la hosteler\u00eda, la restauraci\u00f3n y el ocio, que desde 1917 gestiona la familia Angl\u00ed y que naci\u00f3 a partir de la gesti\u00f3n del Hotel Balneario Termes Vict\u00f2ria.<br \/><a href=\"https:\/\/www.espaicel.cat\/es\/\" target=\"_blank\" rel=\"noreferrer noopener\">https:\/\/www.espaicel.cat\/es\/<\/a><\/p>\n\n\n\n","protected":false},"excerpt":{"rendered":"<p>Se trata de un nuevo centro termal \u00fanico en Catalu\u00f1a que a\u00fana arquitectura, historia y agua termal para disfrutar de experiencias \u00fanicas.<\/p>\n","protected":false},"author":2,"featured_media":0,"comment_status":"open","ping_status":"open","sticky":false,"template":"","format":"standard","meta":{"_jetpack_memberships_contains_paid_content":false,"footnotes":""},"categories":[4],"tags":[],"class_list":["post-297","post","type-post","status-publish","format-standard","hentry","category-termalismo"],"jetpack_featured_media_url":"","jetpack-related-posts":[],"jetpack_sharing_enabled":true,"jetpack_likes_enabled":true,"_links":{"self":[{"href":"https:\/\/www.tribunatermal.com\/blog\/wp-json\/wp\/v2\/posts\/297","targetHints":{"allow":["GET"]}}],"collection":[{"href":"https:\/\/www.tribunatermal.com\/blog\/wp-json\/wp\/v2\/posts"}],"about":[{"href":"https:\/\/www.tribunatermal.com\/blog\/wp-json\/wp\/v2\/types\/post"}],"author":[{"embeddable":true,"href":"https:\/\/www.tribunatermal.com\/blog\/wp-json\/wp\/v2\/users\/2"}],"replies":[{"embeddable":true,"href":"https:\/\/www.tribunatermal.com\/blog\/wp-json\/wp\/v2\/comments?post=297"}],"version-history":[{"count":0,"href":"https:\/\/www.tribunatermal.com\/blog\/wp-json\/wp\/v2\/posts\/297\/revisions"}],"wp:attachment":[{"href":"https:\/\/www.tribunatermal.com\/blog\/wp-json\/wp\/v2\/media?parent=297"}],"wp:term":[{"taxonomy":"category","embeddable":true,"href":"https:\/\/www.tribunatermal.com\/blog\/wp-json\/wp\/v2\/categories?post=297"},{"taxonomy":"post_tag","embeddable":true,"href":"https:\/\/www.tribunatermal.com\/blog\/wp-json\/wp\/v2\/tags?post=297"}],"curies":[{"name":"wp","href":"https:\/\/api.w.org\/{rel}","templated":true}]}}