{"id":290,"date":"2019-04-22T10:36:00","date_gmt":"2019-04-22T08:36:00","guid":{"rendered":"http:\/\/elblogdetribunatermal.com\/?p=290"},"modified":"2019-04-22T10:36:00","modified_gmt":"2019-04-22T08:36:00","slug":"presentacion-del-libro-ourense-la-provincia-termal","status":"publish","type":"post","link":"https:\/\/www.tribunatermal.com\/blog\/2019\/04\/22\/presentacion-del-libro-ourense-la-provincia-termal\/","title":{"rendered":"Presentaci\u00f3n del libro: \u201cOurense la provincia termal\u201d"},"content":{"rendered":"<div class=\"wp-block-image is-style-default\"><figure class=\"alignleft is-resized\"><img data-recalc-dims=\"1\" loading=\"lazy\" decoding=\"async\" class=\"wp-image-212\" src=\"https:\/\/elblogdetribuna.files.wordpress.com\/2019\/04\/libro-ourense.png?resize=349%2C262\" alt=\"LIBRO OURENSE\" width=\"349\" height=\"262\" \/><\/figure><\/div>\n\n<p>El pasado 12 de febrero, el C\u00edrculo de Bellas Artes de Madrid fue el escenario elegido por la Diputaci\u00f3n de Ourense para presentar el libro \u201cOurense, la provincia termal\u201d, una publicaci\u00f3n que se adscribe a las distintas actuaciones que se llevan a cabo dentro del Plan Termal de Ourense, elaborado para el periodo 2014-2020. <!--more--><\/p><p>Durante la presentaci\u00f3n el presidente de la Diputaci\u00f3n, Manuel Baltar, puso el acento en la importancia del termalismo en la provincia por lo que \u201cse merec\u00eda un libro que sirviese de homenaje a un territorio que es referencia termal no solo de Espa\u00f1a sino de Europa\u201d. El libro ha sido coordinado por la arque\u00f3loga e investigadora Silvia Gonz\u00e1lez Soutelo, especializada en termalismo antiguo, y por el arquitecto Mario Crecente, experto en arquitectura balnearia.<br \/>La publicaci\u00f3n recoge en sus 178 p\u00e1ginas los antecedentes hist\u00f3ricos y patrimoniales de la \u201cprovincia termal\u201d, los distintos recursos geot\u00e9rmicos y su valoraci\u00f3n y potencialidades. Se acompa\u00f1a tambi\u00e9n una ficha de todos sus establecimientos balnearios, con o sin hotel, (tanto activos como inactivos), casas de ba\u00f1os, pozas, embotelladoras, fuentes y manantiales.<\/p>","protected":false},"excerpt":{"rendered":"<p>El pasado 12 de febrero, el C\u00edrculo de Bellas Artes de Madrid fue el escenario elegido por la Diputaci\u00f3n de Ourense para presentar el libro \u201cOurense, la provincia termal\u201d, una publicaci\u00f3n que se adscribe a las distintas actuaciones que se llevan a cabo dentro del Plan Termal de Ourense, elaborado para el periodo 2014-2020.<\/p>\n","protected":false},"author":2,"featured_media":0,"comment_status":"open","ping_status":"open","sticky":false,"template":"","format":"standard","meta":{"_jetpack_memberships_contains_paid_content":false,"footnotes":""},"categories":[4],"tags":[],"class_list":["post-290","post","type-post","status-publish","format-standard","hentry","category-termalismo"],"jetpack_featured_media_url":"","jetpack-related-posts":[],"jetpack_sharing_enabled":true,"jetpack_likes_enabled":true,"_links":{"self":[{"href":"https:\/\/www.tribunatermal.com\/blog\/wp-json\/wp\/v2\/posts\/290","targetHints":{"allow":["GET"]}}],"collection":[{"href":"https:\/\/www.tribunatermal.com\/blog\/wp-json\/wp\/v2\/posts"}],"about":[{"href":"https:\/\/www.tribunatermal.com\/blog\/wp-json\/wp\/v2\/types\/post"}],"author":[{"embeddable":true,"href":"https:\/\/www.tribunatermal.com\/blog\/wp-json\/wp\/v2\/users\/2"}],"replies":[{"embeddable":true,"href":"https:\/\/www.tribunatermal.com\/blog\/wp-json\/wp\/v2\/comments?post=290"}],"version-history":[{"count":0,"href":"https:\/\/www.tribunatermal.com\/blog\/wp-json\/wp\/v2\/posts\/290\/revisions"}],"wp:attachment":[{"href":"https:\/\/www.tribunatermal.com\/blog\/wp-json\/wp\/v2\/media?parent=290"}],"wp:term":[{"taxonomy":"category","embeddable":true,"href":"https:\/\/www.tribunatermal.com\/blog\/wp-json\/wp\/v2\/categories?post=290"},{"taxonomy":"post_tag","embeddable":true,"href":"https:\/\/www.tribunatermal.com\/blog\/wp-json\/wp\/v2\/tags?post=290"}],"curies":[{"name":"wp","href":"https:\/\/api.w.org\/{rel}","templated":true}]}}