{"id":197,"date":"2020-01-13T14:19:50","date_gmt":"2020-01-13T13:19:50","guid":{"rendered":"http:\/\/elblogdetribunatermal.com\/?p=197"},"modified":"2020-01-13T14:19:50","modified_gmt":"2020-01-13T13:19:50","slug":"el-valle-del-ambroz-en-extremadura-ha-sido-el-ganador-de-los-premios-eden","status":"publish","type":"post","link":"https:\/\/www.tribunatermal.com\/blog\/2020\/01\/13\/el-valle-del-ambroz-en-extremadura-ha-sido-el-ganador-de-los-premios-eden\/","title":{"rendered":"El Valle del Ambroz, en Extremadura, ha sido el ganador de los Premios Eden"},"content":{"rendered":"<p><em><strong>La comarca cacere\u00f1a cuenta con tres balnearios, uno de ellos con importantes restos romanos y medievales, en donde se ofertan todo tipo de programas de salud y bienestar.<\/strong><\/em><!--more--><\/p>\n\n\n\n<p>El Ministerio de Industria, Comercio y Turismo, a trav\u00e9s de la Secretar\u00eda de Estado de Turismo, ha elegido a la Comarca del Valle del Ambroz, como destino ganador de los Premios EDEN, <em>European Destinations of Excellence <\/em>(Destinos Europeos de Excelencia).<\/p>\n\n<p>Estos galardones buscan atraer la atenci\u00f3n sobre aquellos destinos emergentes cuyo desarrollo es acorde a los principios de sostenibilidad social, cultural y ambiental.<\/p>\n\n<p>En esta novena edici\u00f3n, la Comisi\u00f3n Europea, junto con las instituciones nacionales de turismo correspondientes, ha decidido poner en valor <strong>\u201cel turismo de salud y de bienestar\u201d<\/strong>. Con esta tem\u00e1tica como base principal, los destinos candidatos han presentado proyectos que ofrecen experiencias tur\u00edsticas aut\u00e9nticas y desarrollan una gesti\u00f3n social, cultural y ambiental sostenible.<\/p>\n\n<p><img data-recalc-dims=\"1\" loading=\"lazy\" decoding=\"async\" class=\"alignnone size-full wp-image-199\" src=\"https:\/\/elblogdetribunatermal.files.wordpress.com\/2020\/05\/36458989025_caa5489ed3_c.jpg?resize=474%2C711\" alt=\"36458989025_caa5489ed3_c\" width=\"474\" height=\"711\" srcset=\"https:\/\/i0.wp.com\/www.tribunatermal.com\/blog\/wp-content\/uploads\/2020\/05\/36458989025_caa5489ed3_c.jpg?w=533&amp;ssl=1 533w, https:\/\/i0.wp.com\/www.tribunatermal.com\/blog\/wp-content\/uploads\/2020\/05\/36458989025_caa5489ed3_c.jpg?resize=200%2C300&amp;ssl=1 200w\" sizes=\"auto, (max-width: 474px) 100vw, 474px\" \/>\u00a0\u00a0<\/p>\n\n<p>Tras analizar las candidaturas recibidas, la Secretar\u00eda de Estado de Turismo ha determinado que el destino ganador sea <strong>\u00abValle del Ambroz, destino de Salud y Bienestar\u00bb<\/strong>, formado por los municipios extreme\u00f1os de Abad\u00eda, Aldeanueva del Camino, Ba\u00f1os de Montemayor, Casas del Monte, La Garganta, Gargantilla, Herv\u00e1s y Segura de Toro.<\/p>\n\n<p>La comarca cuenta con tres balnearios, uno de ellos con importantes restos romanos y medievales, en donde se ofertan todo tipo de programas de salud y bienestar y una amplia oferta complementaria con actividades y deportes en la naturaleza que van desde turismo n\u00e1utico, la denominada V\u00eda Verde de la Plata, la V\u00eda Ferrata, centros BTT, Estaci\u00f3n de Trail a campos para deportes de orientaci\u00f3n, miradores para astro-turismo, etc. Cuenta tambi\u00e9n con otras propuestas tur\u00edstico festivas con una gran implicaci\u00f3n de la poblaci\u00f3n local como el Oto\u00f1o M\u00e1gico, los Conversos de Herv\u00e1s y el Termarium en Ba\u00f1os de Montemayor.<\/p>\n\n<p>Valle del Ambroz recibir\u00e1 el galard\u00f3n EDEN en una ceremonia que se celebrar\u00e1 en Madrid en la pr\u00f3xima edici\u00f3n de Fitur. Posteriormente, el destino extreme\u00f1o participar\u00e1 en la Gala Europea de Entrega de los Premios que organizar\u00e1 la Comisi\u00f3n Europea en Bruselas en abril de 2020.<\/p>\n\n<div class=\"wp-block-image is-style-default\"><figure class=\"aligncenter size-full\"><img data-recalc-dims=\"1\" loading=\"lazy\" decoding=\"async\" width=\"474\" height=\"711\" class=\"wp-image-200\" src=\"https:\/\/elblogdetribunatermal.files.wordpress.com\/2020\/05\/36459210215_23f2309f98_c.jpg?resize=474%2C711\" alt=\"\" srcset=\"https:\/\/i0.wp.com\/www.tribunatermal.com\/blog\/wp-content\/uploads\/2020\/05\/36459210215_23f2309f98_c.jpg?w=533&amp;ssl=1 533w, https:\/\/i0.wp.com\/www.tribunatermal.com\/blog\/wp-content\/uploads\/2020\/05\/36459210215_23f2309f98_c.jpg?resize=200%2C300&amp;ssl=1 200w\" sizes=\"auto, (max-width: 474px) 100vw, 474px\" \/><\/figure><\/div>","protected":false},"excerpt":{"rendered":"<p>La comarca cacere\u00f1a cuenta con tres balnearios, uno de ellos con importantes restos romanos y medievales, en donde se ofertan todo tipo de programas de salud y bienestar.<\/p>\n","protected":false},"author":2,"featured_media":0,"comment_status":"open","ping_status":"open","sticky":false,"template":"","format":"standard","meta":{"_jetpack_memberships_contains_paid_content":false,"footnotes":""},"categories":[4],"tags":[],"class_list":["post-197","post","type-post","status-publish","format-standard","hentry","category-termalismo"],"jetpack_featured_media_url":"","jetpack-related-posts":[],"jetpack_sharing_enabled":true,"jetpack_likes_enabled":true,"_links":{"self":[{"href":"https:\/\/www.tribunatermal.com\/blog\/wp-json\/wp\/v2\/posts\/197","targetHints":{"allow":["GET"]}}],"collection":[{"href":"https:\/\/www.tribunatermal.com\/blog\/wp-json\/wp\/v2\/posts"}],"about":[{"href":"https:\/\/www.tribunatermal.com\/blog\/wp-json\/wp\/v2\/types\/post"}],"author":[{"embeddable":true,"href":"https:\/\/www.tribunatermal.com\/blog\/wp-json\/wp\/v2\/users\/2"}],"replies":[{"embeddable":true,"href":"https:\/\/www.tribunatermal.com\/blog\/wp-json\/wp\/v2\/comments?post=197"}],"version-history":[{"count":0,"href":"https:\/\/www.tribunatermal.com\/blog\/wp-json\/wp\/v2\/posts\/197\/revisions"}],"wp:attachment":[{"href":"https:\/\/www.tribunatermal.com\/blog\/wp-json\/wp\/v2\/media?parent=197"}],"wp:term":[{"taxonomy":"category","embeddable":true,"href":"https:\/\/www.tribunatermal.com\/blog\/wp-json\/wp\/v2\/categories?post=197"},{"taxonomy":"post_tag","embeddable":true,"href":"https:\/\/www.tribunatermal.com\/blog\/wp-json\/wp\/v2\/tags?post=197"}],"curies":[{"name":"wp","href":"https:\/\/api.w.org\/{rel}","templated":true}]}}